

{"id":12648,"date":"2024-07-28T21:17:08","date_gmt":"2024-07-28T19:17:08","guid":{"rendered":"https:\/\/www.rand-oz.fr\/?p=12648"},"modified":"2024-07-27T13:25:42","modified_gmt":"2024-07-27T11:25:42","slug":"randonnee-20-km-vaux-sur-seine-cergy-le-haut","status":"publish","type":"post","link":"https:\/\/www.rand-oz.fr\/?p=12648","title":{"rendered":"Randonn\u00e9e 20 km : Vaux sur Seine &#8211; Cergy le Haut"},"content":{"rendered":"<p><strong>SOMMAIRE<br \/>\n<\/strong><a id=\"D\u00e9but\" href=\"#Randonn\u00e9e\">1 Randonn\u00e9e<\/a><br \/>\n<a href=\"#Niveau\">2 Niveau<\/a><br \/>\n<a href=\"#Equipement requis\">3 Equipement requis<\/a><br \/>\n<a href=\"#Lieu et heure de rendez-vous\">4 Lieu et heure de Rendez-vous<\/a><br \/>\n<a href=\"#Divers\">5 Divers<\/a><br \/>\n<a href=\"#Rand'oz\">6 Rand&#8217;oz<\/a><\/p>\n<hr \/>\n<h2 id=\"Randonn\u00e9e\" style=\"padding-left: 1px;\"><a href=\"#D\u00e9but\"><img decoding=\"async\" class=\"alignleft\" src=\"https:\/\/www.rand-oz.fr\/wp-content\/uploads\/2022\/11\/Fleche-vers-haut-verte_6.jpg\" \/><\/a>Randonn\u00e9e<\/h2>\n<p style=\"padding-left: 70px;\">Je vous propose une randonn\u00e9e, pour la plus grande partie dans le parc naturel r\u00e9gional du Vexin Fran\u00e7ais, de Vaux sur Seine \u00e0 Cergy le Haut.<\/p>\n<h2 id=\"Niveau\" style=\"padding-left: 1px;\"><a href=\"#D\u00e9but\"><img decoding=\"async\" class=\"alignleft\" src=\"https:\/\/www.rand-oz.fr\/wp-content\/uploads\/2022\/11\/Fleche-vers-haut-verte_6.jpg\" \/><\/a>Niveau<\/h2>\n<ul>\n<li style=\"list-style-type: none;\">\n<ul>\n<li>Difficult\u00e9 globale :\u00a0 moyenne<\/li>\n<li>Rythme : 4,5 km\/h environ<\/li>\n<li>Distance : 20 km environ<\/li>\n<li>D\u00e9nivel\u00e9 moyen\u00a0 : 300 m environ<\/li>\n<li>Dur\u00e9e hors pauses : 5h<\/li>\n<li>R\u00e9gion : \u00cele de France<\/li>\n<\/ul>\n<\/li>\n<\/ul>\n<h2 id=\"Equipement requis\" style=\"padding-left: 1px;\"><a href=\"#D\u00e9but\"><img decoding=\"async\" class=\"alignleft\" src=\"https:\/\/www.rand-oz.fr\/wp-content\/uploads\/2022\/11\/Fleche-vers-haut-verte_6.jpg\" \/><\/a>\u00c9quipement requis<\/h2>\n<ul>\n<li style=\"list-style-type: none;\">\n<ul>\n<li id=\"ro\">Chaussures de randonn\u00e9e,<\/li>\n<li>Selon m\u00e9t\u00e9o, de quoi se prot\u00e9ger du soleil, du vent, du froid, de la pluie,<\/li>\n<li>Un plastique pour vous asseoir (bien utile quand l&#8217;herbe est humide),<\/li>\n<li>Au moins 1L d&#8217;eau, plus en \u00e9t\u00e9,<\/li>\n<li>Casse-cro\u00fbte, gobelet,<\/li>\n<li>Quelque chose \u00e0 partager (ex : boisson, sp\u00e9cialit\u00e9 maison,&#8230;), sans obligation.<\/li>\n<\/ul>\n<\/li>\n<\/ul>\n<h2 id=\"Lieu et heure de rendez-vous\" style=\"padding-left: 1px;\"><a href=\"#D\u00e9but\"><img decoding=\"async\" class=\"alignleft\" src=\"https:\/\/www.rand-oz.fr\/wp-content\/uploads\/2022\/11\/Fleche-vers-haut-verte_6.jpg\" \/><\/a>Lieu et heure de rendez-vous<\/h2>\n<p style=\"padding-left: 70px;\">Pour participer \u00e0 cette randonn\u00e9e <strong>il est n\u00e9cessaire de s\u2019enregistrer<\/strong> en cliquant sur le bouton ci-dessous \u201cS\u2019inscrire \u00e0 la sortie\u201d<\/p>\n<p style=\"padding-left: 70px; background-color: #efd28d;\"><span style=\"color: #ff0000;\">RV le 28\/07\/2024 \u00e0 10h15<br \/>\n\u00e0 la gare de Vaux sur Seine<\/span><strong><span style=\"color: #ff0000;\"><br \/>\n<\/span><\/strong><\/p>\n<ul>\n<li style=\"list-style-type: none;\">\n<ul>\n<li><strong>Venir par les transports en commun :<\/strong><\/li>\n<\/ul>\n<\/li>\n<\/ul>\n<p style=\"padding-left: 70px;\"><strong>Aller :<br \/>\n<\/strong>D\u00e9part : 9h28- Gare Saint Lazare<span style=\"color: #ff0000;\"><br \/>\n<\/span><span style=\"color: #ff0000;\"><span style=\"color: #333333;\">Train J &#8211; MOCA <\/span><span style=\"color: #000000;\">Vers Mantes la Jolie<\/span><\/span><br \/>\nArriv\u00e9e : 10h13 &#8211; Gare de Vaux sur Seine<\/p>\n<p style=\"padding-left: 70px;\"><strong>Retour, selon le rythme du groupe :<br \/>\n<\/strong>D\u00e9part : 16h34 Gare de Cergy le Haut<span style=\"color: #ff0000;\"><br \/>\n<\/span><span style=\"color: #ff0000;\"><span style=\"color: #333333;\">RER A <\/span><\/span><span style=\"color: #ff0000;\"><span style=\"color: #333333;\">&#8211; QYAN<\/span>\u00a0<span style=\"color: #000000;\">Vers<\/span><\/span> Marne la Vall\u00e9e<br \/>\nArriv\u00e9e : 17h18 &#8211; Gare de Ch\u00e2telet les Halles<\/p>\n<p style=\"padding-left: 80px;\">Sinon un train toutes les 30 minutes<\/p>\n<ul>\n<li style=\"list-style-type: none;\">\n<ul>\n<li><strong>Venir en voiture :<\/strong> Compliqu\u00e9 car les gares sont sur 2 lignes diff\u00e9rentes. Possible sans doute en se garant \u00e0 Conflans o\u00f9 passe la ligne J et le RER A<span style=\"color: #ff0000;\">.<\/span><\/li>\n<\/ul>\n<\/li>\n<\/ul>\n<h2 id=\"Divers\" style=\"padding-left: 1px;\"><a href=\"#D\u00e9but\"><img decoding=\"async\" class=\"alignleft\" src=\"https:\/\/www.rand-oz.fr\/wp-content\/uploads\/2022\/11\/Fleche-vers-haut-verte_6.jpg\" \/><\/a>Divers<\/h2>\n<ul>\n<li style=\"list-style-type: none;\">\n<ul>\n<li>\u00a0Je n&#8217;accepte pas les chiens dans les randonn\u00e9es.<\/li>\n<li>Je n&#8217;attends pas les retardataires plus de 5&#8242;.<\/li>\n<\/ul>\n<\/li>\n<\/ul>\n<h2 id=\"Rand'oz\" style=\"padding-left: 1px;\"><a href=\"#D\u00e9but\"><img decoding=\"async\" class=\"alignleft\" src=\"https:\/\/www.rand-oz.fr\/wp-content\/uploads\/2022\/11\/Fleche-vers-haut-verte_6.jpg\" \/><\/a>Rand&#8217;oz<\/h2>\n<p id=\"ro\" style=\"padding-left: 70px;\"><span lang=\"zxx\">Cette sortie est organis\u00e9e dans le cadre de l&#8217;association Rand&#8217;Oz. Elle est ouverte \u00e0 tous les d\u00e9tenteurs de la licence F\u00e9d\u00e9ration Fran\u00e7aise de Randonn\u00e9e pour l&#8217;ann\u00e9e en cours.<br \/>\n<\/span><span lang=\"zxx\">Il est possible de participer \u00e0\u00a0<\/span><span lang=\"fr-FR\"><strong><span lang=\"zxx\">1 sortie d&#8217;essai\u00a0<\/span><\/strong><\/span><span lang=\"zxx\">avec l&#8217;association Rand&#8217;Oz\u00a0<\/span><span lang=\"fr-FR\"><span lang=\"zxx\">sans \u00eatre licenci\u00e9 \u00e0 la FFR<\/span><\/span><span lang=\"zxx\">. <\/span><span lang=\"fr-FR\"><strong>La licence est obligatoire d\u00e8s la 2\u00e8me sortie pour des raisons d&#8217;assurance.<\/strong><\/span><\/p>\n<p id=\"ro\" style=\"padding-left: 70px;\">Pour demander votre licence, veuillez cliquer <a href=\"https:\/\/www.rand-oz.fr\/?page_id=201\" target=\"_blank\" rel=\"noopener\">ici.<\/a><\/p>\n","protected":false},"excerpt":{"rendered":"<p>SOMMAIRE 1 Randonn\u00e9e 2 Niveau 3 Equipement requis 4 Lieu et heure de Rendez-vous 5 Divers 6 Rand&#8217;oz Randonn\u00e9e Je vous propose une randonn\u00e9e, pour la plus grande partie dans le parc naturel r\u00e9gional du Vexin Fran\u00e7ais, de Vaux sur Seine \u00e0 Cergy le Haut. Niveau Difficult\u00e9 globale :\u00a0 moyenne Rythme : 4,5 km\/h environ [&hellip;]<\/p>\n","protected":false},"author":633,"featured_media":0,"comment_status":"open","ping_status":"closed","sticky":false,"template":"","format":"standard","meta":{"site-sidebar-layout":"default","site-content-layout":"","ast-site-content-layout":"default","site-content-style":"default","site-sidebar-style":"default","ast-global-header-display":"","ast-banner-title-visibility":"","ast-main-header-display":"","ast-hfb-above-header-display":"","ast-hfb-below-header-display":"","ast-hfb-mobile-header-display":"","site-post-title":"","ast-breadcrumbs-content":"","ast-featured-img":"","footer-sml-layout":"","ast-disable-related-posts":"","theme-transparent-header-meta":"default","adv-header-id-meta":"","stick-header-meta":"","header-above-stick-meta":"","header-main-stick-meta":"","header-below-stick-meta":"","astra-migrate-meta-layouts":"set","ast-page-background-enabled":"default","ast-page-background-meta":{"desktop":{"background-color":"var(--ast-global-color-4)","background-image":"","background-repeat":"repeat","background-position":"center center","background-size":"auto","background-attachment":"scroll","background-type":"","background-media":"","overlay-type":"","overlay-color":"","overlay-opacity":"","overlay-gradient":""},"tablet":{"background-color":"","background-image":"","background-repeat":"repeat","background-position":"center center","background-size":"auto","background-attachment":"scroll","background-type":"","background-media":"","overlay-type":"","overlay-color":"","overlay-opacity":"","overlay-gradient":""},"mobile":{"background-color":"","background-image":"","background-repeat":"repeat","background-position":"center center","background-size":"auto","background-attachment":"scroll","background-type":"","background-media":"","overlay-type":"","overlay-color":"","overlay-opacity":"","overlay-gradient":""}},"ast-content-background-meta":{"desktop":{"background-color":"var(--ast-global-color-5)","background-image":"","background-repeat":"repeat","background-position":"center center","background-size":"auto","background-attachment":"scroll","background-type":"","background-media":"","overlay-type":"","overlay-color":"","overlay-opacity":"","overlay-gradient":""},"tablet":{"background-color":"var(--ast-global-color-5)","background-image":"","background-repeat":"repeat","background-position":"center center","background-size":"auto","background-attachment":"scroll","background-type":"","background-media":"","overlay-type":"","overlay-color":"","overlay-opacity":"","overlay-gradient":""},"mobile":{"background-color":"var(--ast-global-color-5)","background-image":"","background-repeat":"repeat","background-position":"center center","background-size":"auto","background-attachment":"scroll","background-type":"","background-media":"","overlay-type":"","overlay-color":"","overlay-opacity":"","overlay-gradient":""}},"footnotes":""},"categories":[4,11],"tags":[],"class_list":["post-12648","post","type-post","status-publish","format-standard","hentry","category-randonnees","category-randoz"],"_links":{"self":[{"href":"https:\/\/www.rand-oz.fr\/index.php?rest_route=\/wp\/v2\/posts\/12648","targetHints":{"allow":["GET"]}}],"collection":[{"href":"https:\/\/www.rand-oz.fr\/index.php?rest_route=\/wp\/v2\/posts"}],"about":[{"href":"https:\/\/www.rand-oz.fr\/index.php?rest_route=\/wp\/v2\/types\/post"}],"author":[{"embeddable":true,"href":"https:\/\/www.rand-oz.fr\/index.php?rest_route=\/wp\/v2\/users\/633"}],"replies":[{"embeddable":true,"href":"https:\/\/www.rand-oz.fr\/index.php?rest_route=%2Fwp%2Fv2%2Fcomments&post=12648"}],"version-history":[{"count":3,"href":"https:\/\/www.rand-oz.fr\/index.php?rest_route=\/wp\/v2\/posts\/12648\/revisions"}],"predecessor-version":[{"id":12656,"href":"https:\/\/www.rand-oz.fr\/index.php?rest_route=\/wp\/v2\/posts\/12648\/revisions\/12656"}],"wp:attachment":[{"href":"https:\/\/www.rand-oz.fr\/index.php?rest_route=%2Fwp%2Fv2%2Fmedia&parent=12648"}],"wp:term":[{"taxonomy":"category","embeddable":true,"href":"https:\/\/www.rand-oz.fr\/index.php?rest_route=%2Fwp%2Fv2%2Fcategories&post=12648"},{"taxonomy":"post_tag","embeddable":true,"href":"https:\/\/www.rand-oz.fr\/index.php?rest_route=%2Fwp%2Fv2%2Ftags&post=12648"}],"curies":[{"name":"wp","href":"https:\/\/api.w.org\/{rel}","templated":true}]}}