

{"id":15021,"date":"2026-04-17T21:19:52","date_gmt":"2026-04-17T19:19:52","guid":{"rendered":"https:\/\/www.rand-oz.fr\/?p=15021"},"modified":"2026-04-17T21:19:52","modified_gmt":"2026-04-17T19:19:52","slug":"rando-coulommiers-175km","status":"publish","type":"post","link":"https:\/\/www.rand-oz.fr\/?p=15021","title":{"rendered":"Rando Coulommiers 17,5km"},"content":{"rendered":"<p><strong>SOMMAIRE<br \/>\n<\/strong><a id=\"D\u00e9but\" href=\"#Randonn\u00e9e\">1 Randonn\u00e9e<\/a><br \/>\n<a href=\"#Niveau\">2 Niveau<\/a><br \/>\n<a href=\"#Equipement requis\">3 Equipement requis<\/a><br \/>\n<a href=\"#Lieu et heure de rendez-vous\">4 Lieu et heure de Rendez-vous<\/a><br \/>\n<a href=\"#Divers\">5 Divers<\/a><br \/>\n<a href=\"#Rand'oz\">6 Rand&#8217;oz<\/a><\/p>\n<hr \/>\n<h2 id=\"Randonn\u00e9e\" style=\"padding-left: 1px;\"><a href=\"#D\u00e9but\"><img decoding=\"async\" class=\"alignleft\" src=\"https:\/\/www.rand-oz.fr\/wp-content\/uploads\/2022\/11\/Fleche-vers-haut-verte_6.jpg\" \/><\/a>Randonn\u00e9e<\/h2>\n<p style=\"padding-left: 70px;\">Je vous propose une randonn\u00e9e en boucle autour de Coulommiers.<br \/>\nParcours majoritairement \u00e0 d\u00e9couvert alternant chemins, petites routes de campagne et ruelles.<\/p>\n<h2 id=\"Niveau\" style=\"padding-left: 1px;\"><a href=\"#D\u00e9but\"><img decoding=\"async\" class=\"alignleft\" src=\"https:\/\/www.rand-oz.fr\/wp-content\/uploads\/2022\/11\/Fleche-vers-haut-verte_6.jpg\" \/><\/a>Niveau<\/h2>\n<ul>\n<li style=\"list-style-type: none;\">\n<ul>\n<li>Difficult\u00e9 globale : aucune<\/li>\n<li>Rythme : variable (max 4,5 km\/h)<\/li>\n<li>Distance : 17,5km<\/li>\n<li>D\u00e9nivel\u00e9 moyen\u00a0 :\u00a0 200m environ<\/li>\n<li>Dur\u00e9e hors pauses : 5h environ<\/li>\n<li>R\u00e9gion : \u00cele de France<\/li>\n<\/ul>\n<\/li>\n<\/ul>\n<h2 id=\"Equipement requis\" style=\"padding-left: 1px;\"><a href=\"#D\u00e9but\"><img decoding=\"async\" class=\"alignleft\" src=\"https:\/\/www.rand-oz.fr\/wp-content\/uploads\/2022\/11\/Fleche-vers-haut-verte_6.jpg\" \/><\/a>\u00c9quipement requis<\/h2>\n<ul>\n<li style=\"list-style-type: none;\">\n<ul>\n<li id=\"ro\">Chaussures de randonn\u00e9e,<\/li>\n<li>Selon m\u00e9t\u00e9o, de quoi se prot\u00e9ger du soleil, du vent, du froid, de la pluie,<\/li>\n<li>Un plastique pour vous asseoir (bien utile quand l&#8217;herbe est humide),<\/li>\n<li>Au moins 1,5L d&#8217;eau, plus en \u00e9t\u00e9,<\/li>\n<li>Casse-cro\u00fbte, gobelet,<\/li>\n<li>Quelque chose \u00e0 partager (ex : boisson, sp\u00e9cialit\u00e9 maison,&#8230;), sans obligation.<\/li>\n<\/ul>\n<\/li>\n<\/ul>\n<h2 id=\"Lieu et heure de rendez-vous\" style=\"padding-left: 1px;\"><a href=\"#D\u00e9but\"><img decoding=\"async\" class=\"alignleft\" src=\"https:\/\/www.rand-oz.fr\/wp-content\/uploads\/2022\/11\/Fleche-vers-haut-verte_6.jpg\" \/><\/a>Lieu et heure de rendez-vous<\/h2>\n<p style=\"padding-left: 70px;\">Pour participer \u00e0 cette randonn\u00e9e <strong>il est n\u00e9cessaire de s\u2019enregistrer<\/strong> en cliquant sur le bouton ci-dessous \u201cS\u2019inscrire \u00e0 la sortie\u201d<\/p>\n<p style=\"padding-left: 70px; background-color: #efd28d;\">RDV le dimanche 19\/04 \u00e0 10h20<br \/>\ndevant la gare de Coulommiers (rue de la gare Coulommiers, 77)<strong><span style=\"color: #ff0000;\"><br \/>\n<\/span><\/strong><\/p>\n<ul>\n<li style=\"list-style-type: none;\">\n<ul>\n<li><strong>Venir par les transports en commun :<\/strong><\/li>\n<\/ul>\n<\/li>\n<\/ul>\n<p style=\"padding-left: 70px;\"><strong>Aller :<br \/>\n<\/strong>Gare de l&#8217;Est \u00e0 9h17 (pr\u00e9parez votre itin\u00e9raire en <a href=\"https:\/\/www.transilien.com\/fr\">cliquant ici<\/a>)<br \/>\n<strong>(\u00e0 v\u00e9rifier dans la semaine qui pr\u00e9c\u00e8de la sortie).<\/strong><br \/>\nVenant en voiture, je vous retrouverai au lieu de RDV.<\/p>\n<p style=\"padding-left: 70px;\"><strong>Retour :<br \/>\n<\/strong>Fin de randonn\u00e9e : m\u00eame lieu qu&#8217;en d\u00e9but de randonn\u00e9e vers 17h (d\u00e9part \u00e0 H38)<\/p>\n<ul>\n<li style=\"list-style-type: none;\">\n<ul>\n<li><strong>Venir en voiture :<\/strong> C&#8217;est possible car la randonn\u00e9e est une boucle.<\/li>\n<\/ul>\n<\/li>\n<\/ul>\n<h2 id=\"Divers\" style=\"padding-left: 1px;\"><a href=\"#D\u00e9but\"><img decoding=\"async\" class=\"alignleft\" src=\"https:\/\/www.rand-oz.fr\/wp-content\/uploads\/2022\/11\/Fleche-vers-haut-verte_6.jpg\" \/><\/a>Divers<\/h2>\n<ul>\n<li style=\"list-style-type: none;\">\n<ul>\n<li>Je viens avec mon chien (Jack Russell Terrier).<\/li>\n<li>Je n&#8217;accepte pas les chiens que je ne connais pas dans les randonn\u00e9es.<\/li>\n<\/ul>\n<\/li>\n<\/ul>\n<h2 id=\"Rand'oz\" style=\"padding-left: 1px;\"><a href=\"#D\u00e9but\"><img decoding=\"async\" class=\"alignleft\" src=\"https:\/\/www.rand-oz.fr\/wp-content\/uploads\/2022\/11\/Fleche-vers-haut-verte_6.jpg\" \/><\/a>Rand&#8217;oz<\/h2>\n<p id=\"ro\" style=\"padding-left: 70px;\"><span lang=\"zxx\">Cette sortie est organis\u00e9e dans le cadre de l&#8217;association Rand&#8217;Oz. Elle est ouverte \u00e0 tous les d\u00e9tenteurs de la licence F\u00e9d\u00e9ration Fran\u00e7aise de Randonn\u00e9e pour l&#8217;ann\u00e9e en cours.<br \/>\n<\/span><span lang=\"zxx\">Il est possible de participer \u00e0\u00a0<\/span><span lang=\"fr-FR\"><strong><span lang=\"zxx\">1 sortie d&#8217;essai\u00a0<\/span><\/strong><\/span><span lang=\"zxx\">avec l&#8217;association Rand&#8217;Oz\u00a0<\/span><span lang=\"fr-FR\"><span lang=\"zxx\">sans \u00eatre licenci\u00e9 \u00e0 la FFR<\/span><\/span><span lang=\"zxx\">. <\/span><span lang=\"fr-FR\"><strong>La licence est obligatoire d\u00e8s la 2\u00e8me sortie pour des raisons d&#8217;assurance.<\/strong><\/span><\/p>\n<p id=\"ro\" style=\"padding-left: 70px;\">Pour demander votre licence, veuillez cliquer <a href=\"https:\/\/www.rand-oz.fr\/?page_id=201\" target=\"_blank\" rel=\"noopener\">ici.<\/a><\/p>\n","protected":false},"excerpt":{"rendered":"<p>SOMMAIRE 1 Randonn\u00e9e 2 Niveau 3 Equipement requis 4 Lieu et heure de Rendez-vous 5 Divers 6 Rand&#8217;oz Randonn\u00e9e Je vous propose une randonn\u00e9e en boucle autour de Coulommiers. Parcours majoritairement \u00e0 d\u00e9couvert alternant chemins, petites routes de campagne et ruelles. Niveau Difficult\u00e9 globale : aucune Rythme : variable (max 4,5 km\/h) Distance : 17,5km [&hellip;]<\/p>\n","protected":false},"author":34,"featured_media":0,"comment_status":"open","ping_status":"closed","sticky":false,"template":"","format":"standard","meta":{"site-sidebar-layout":"default","site-content-layout":"","ast-site-content-layout":"default","site-content-style":"default","site-sidebar-style":"default","ast-global-header-display":"","ast-banner-title-visibility":"","ast-main-header-display":"","ast-hfb-above-header-display":"","ast-hfb-below-header-display":"","ast-hfb-mobile-header-display":"","site-post-title":"","ast-breadcrumbs-content":"","ast-featured-img":"","footer-sml-layout":"","ast-disable-related-posts":"","theme-transparent-header-meta":"default","adv-header-id-meta":"","stick-header-meta":"","header-above-stick-meta":"","header-main-stick-meta":"","header-below-stick-meta":"","astra-migrate-meta-layouts":"set","ast-page-background-enabled":"default","ast-page-background-meta":{"desktop":{"background-color":"var(--ast-global-color-4)","background-image":"","background-repeat":"repeat","background-position":"center center","background-size":"auto","background-attachment":"scroll","background-type":"","background-media":"","overlay-type":"","overlay-color":"","overlay-opacity":"","overlay-gradient":""},"tablet":{"background-color":"","background-image":"","background-repeat":"repeat","background-position":"center center","background-size":"auto","background-attachment":"scroll","background-type":"","background-media":"","overlay-type":"","overlay-color":"","overlay-opacity":"","overlay-gradient":""},"mobile":{"background-color":"","background-image":"","background-repeat":"repeat","background-position":"center center","background-size":"auto","background-attachment":"scroll","background-type":"","background-media":"","overlay-type":"","overlay-color":"","overlay-opacity":"","overlay-gradient":""}},"ast-content-background-meta":{"desktop":{"background-color":"var(--ast-global-color-5)","background-image":"","background-repeat":"repeat","background-position":"center center","background-size":"auto","background-attachment":"scroll","background-type":"","background-media":"","overlay-type":"","overlay-color":"","overlay-opacity":"","overlay-gradient":""},"tablet":{"background-color":"var(--ast-global-color-5)","background-image":"","background-repeat":"repeat","background-position":"center center","background-size":"auto","background-attachment":"scroll","background-type":"","background-media":"","overlay-type":"","overlay-color":"","overlay-opacity":"","overlay-gradient":""},"mobile":{"background-color":"var(--ast-global-color-5)","background-image":"","background-repeat":"repeat","background-position":"center center","background-size":"auto","background-attachment":"scroll","background-type":"","background-media":"","overlay-type":"","overlay-color":"","overlay-opacity":"","overlay-gradient":""}},"footnotes":""},"categories":[4,11],"tags":[],"class_list":["post-15021","post","type-post","status-publish","format-standard","hentry","category-randonnees","category-randoz"],"_links":{"self":[{"href":"https:\/\/www.rand-oz.fr\/index.php?rest_route=\/wp\/v2\/posts\/15021","targetHints":{"allow":["GET"]}}],"collection":[{"href":"https:\/\/www.rand-oz.fr\/index.php?rest_route=\/wp\/v2\/posts"}],"about":[{"href":"https:\/\/www.rand-oz.fr\/index.php?rest_route=\/wp\/v2\/types\/post"}],"author":[{"embeddable":true,"href":"https:\/\/www.rand-oz.fr\/index.php?rest_route=\/wp\/v2\/users\/34"}],"replies":[{"embeddable":true,"href":"https:\/\/www.rand-oz.fr\/index.php?rest_route=%2Fwp%2Fv2%2Fcomments&post=15021"}],"version-history":[{"count":5,"href":"https:\/\/www.rand-oz.fr\/index.php?rest_route=\/wp\/v2\/posts\/15021\/revisions"}],"predecessor-version":[{"id":15027,"href":"https:\/\/www.rand-oz.fr\/index.php?rest_route=\/wp\/v2\/posts\/15021\/revisions\/15027"}],"wp:attachment":[{"href":"https:\/\/www.rand-oz.fr\/index.php?rest_route=%2Fwp%2Fv2%2Fmedia&parent=15021"}],"wp:term":[{"taxonomy":"category","embeddable":true,"href":"https:\/\/www.rand-oz.fr\/index.php?rest_route=%2Fwp%2Fv2%2Fcategories&post=15021"},{"taxonomy":"post_tag","embeddable":true,"href":"https:\/\/www.rand-oz.fr\/index.php?rest_route=%2Fwp%2Fv2%2Ftags&post=15021"}],"curies":[{"name":"wp","href":"https:\/\/api.w.org\/{rel}","templated":true}]}}